{"id":15431,"date":"2022-05-20T21:09:37","date_gmt":"2022-05-21T00:09:37","guid":{"rendered":"https:\/\/www.neolo.com\/blog\/?p=15431"},"modified":"2025-01-27T16:16:21","modified_gmt":"2025-01-27T19:16:21","slug":"registro-marca-europa","status":"publish","type":"post","link":"https:\/\/www.neolo.com\/blog\/registro-marca-europa.php","title":{"rendered":"C\u00f3mo registrar una marca en Europa 2025"},"content":{"rendered":"<span class=\"span-reading-time rt-reading-time\" style=\"display: block;\"><span class=\"rt-label rt-prefix\">Tiempo de lectura:<\/span> <span class=\"rt-time\"> 4<\/span> <span class=\"rt-label rt-postfix\">minutos<\/span><\/span>\n<p>\u00bfQuieres tener el <strong>dominio legal de tu negocio<\/strong> en la Uni\u00f3n Europea? La \u00fanica forma de que una marca sea 100% tuya y puedas reclamar tu derecho sobre ella es a trav\u00e9s de un tr\u00e1mite de <strong>registro de marca<\/strong>. <\/p>\n\n\n\n<p>En este post te cuento <strong>c\u00f3mo registrar una marca en Europa<\/strong> y todo lo que debes tener en cuenta para hacerlo. <\/p>\n\n\n\n<p>\u00a1No te lo pierdas!<\/p>\n\n\n\n\n\n<h2 class=\"wp-block-heading\" id=\"block-642a02de-c746-4df3-8931-ad192dbaf183\">Qu\u00e9 significa registrar una marca<\/h2>\n\n\n\n<blockquote class=\"wp-block-quote is-layout-flow wp-block-quote-is-layout-flow\">\n<p><strong>Registrar una marca significa\u00a0declarar p\u00fablicamente que la marca existe, qui\u00e9n es su titular, qu\u00e9 tipo de productos o servicios ofrece\u00a0y, en especial, cu\u00e1les son sus signos distintivos<\/strong> (nombre, logo, slogan, sonidos, aromas, o la combinaci\u00f3n de estos elementos).<\/p>\n<\/blockquote>\n\n\n\n<p>Si bien no se trata de un tr\u00e1mite obligatorio,&nbsp;<strong>registrar una marca te dar\u00e1 derechos legales sobre la misma<\/strong>: podr\u00e1s utilizarla libremente, prohibir que otros la usen o creen versiones similares y hasta venderla si as\u00ed lo deseas.<\/p>\n\n\n\n<h3 class=\"wp-block-heading\">Qu\u00e9 se puede registrar como marca<\/h3>\n\n\n\n<p>Existen distintos <strong>tipos de marcas<\/strong> que se pueden registrar en la Uni\u00f3n Europea:<\/p>\n\n\n\n<ul class=\"wp-block-list\">\n<li><strong>Denominativas:\u00a0<\/strong>palabras, letras y\/o n\u00fameros, seud\u00f3nimos, entre otros.<\/li>\n\n\n\n<li><strong>Figurativas:\u00a0<\/strong>un dise\u00f1o o figura, aqu\u00ed entran los logotipos y sus variantes.<\/li>\n\n\n\n<li><strong>Mixtas:<\/strong>\u00a0un elemento denominativo m\u00e1s uno figurativo (nombre + dise\u00f1o)<\/li>\n\n\n\n<li><strong>Sonoras:<\/strong>\u00a0sonidos que identifican los productos o servicios de una marca<\/li>\n\n\n\n<li><strong>Olfativas:\u00a0<\/strong>olores, aromas y fragancias que distinguen a un producto<\/li>\n\n\n\n<li><strong>Tridimensionales:\u00a0<\/strong>aplica tanto al producto mismo como al packaging que lo contiene<\/li>\n<\/ul>\n\n\n\n<h2 class=\"wp-block-heading\" id=\"block-6d509f2c-8edf-400d-a396-5533b7ab5560\">Por qu\u00e9 registrar una marca en Europa<\/h2>\n\n\n\n<p>Si bien el registro de marca suele ser un tr\u00e1mite que se realiza a nivel nacional, <strong>uno de los beneficios de la Uni\u00f3n Europea es que te permite registrar tu marca en todos los pa\u00edses que la conforman<\/strong>. <\/p>\n\n\n\n<p>Esto te brinda una serie de ventajas: <\/p>\n\n\n\n<ul class=\"wp-block-list\">\n<li>Es un\u00a0<strong>registro \u00fanico<\/strong> que valida tu marca en todos los Estados miembros de la Uni\u00f3n Europea<\/li>\n\n\n\n<li>Te permite hacer valer tu marca en un mercado de casi 500 millones de consumidores<\/li>\n\n\n\n<li>La marca<strong>\u00a0es de tu propiedad<\/strong>, puedes usarla libremente y prohibir su uso a terceros<\/li>\n\n\n\n<li>Puedes\u00a0<strong>denunciar plagios, imitaciones y robos\u00a0<\/strong><\/li>\n\n\n\n<li>Tienes la libertad de\u00a0<strong>otorgar licencias de uso de marca\u00a0<\/strong>y\u00a0<strong>cobrar regal\u00edas<\/strong><\/li>\n\n\n\n<li><strong>Aumenta el valor de mercado<\/strong>\u00a0de tu empresa y puedes vender tu marca si lo deseas<\/li>\n\n\n\n<li>Tiene una validez de 10 a\u00f1os y puede renovarse indefinidamente por otros 10 a\u00f1os m\u00e1s<\/li>\n<\/ul>\n\n\n\n<h2 class=\"wp-block-heading\" id=\"block-663183f6-487a-4fff-bbb9-9ab85a1cd61f\">D\u00f3nde registrar una marca en Europa<\/h2>\n\n\n\n<p>Las marcas en la Europa se registran en la <strong><a href=\"https:\/\/euipo.europa.eu\/ohimportal\/es\" target=\"_blank\" rel=\"noreferrer noopener nofollow\">EUIPO <\/a>(Oficina de Propiedad Intelectual de la Uni\u00f3n Europea)<\/strong>. <\/p>\n\n\n\n<h2 class=\"wp-block-heading\" id=\"block-6b5c587e-bd0f-4c1c-9ba0-7abeba8af038\">C\u00f3mo registrar una marca en Europa<\/h2>\n\n\n\n<p>Tienes dos formas de registrar una marca en la Uni\u00f3n Europea:<\/p>\n\n\n\n<ol class=\"wp-block-list\">\n<li><strong>En el portal de la EUIPO<\/strong><\/li>\n\n\n\n<li><strong>Con Neolo &#8211; Registro de Marca<\/strong><\/li>\n<\/ol>\n\n\n\n<p><strong>\u00bfCu\u00e1l es la diferencia?&nbsp;<\/strong>Que mientras que en la EUIPO deber\u00e1s hacer el tr\u00e1mite por tu cuenta, en una interfaz poco intuitiva y con muchos pasos y documentaci\u00f3n requerida; en Neolo&nbsp;<strong>delegas el tr\u00e1mite en un equipo de abogados especialistas<\/strong>&nbsp;en registro de marca.<\/p>\n\n\n\n<p>Si bien puede tentarte la idea de resolverlo por tu cuenta, registrar una marca no es un tr\u00e1mite que deba tomarse a la ligera. Sin experiencia y sin las debidas investigaciones, corres el riesgo de perder tiempo y dinero.<\/p>\n\n\n\n<p>Veamos en detalle las&nbsp;<strong>diferencias entre el tr\u00e1mite en la EUIPO y en Neolo<\/strong>, adem\u00e1s de lo <strong>que se necesita para registrar una marca<\/strong> en cada caso.<\/p>\n\n\n\n<h3 class=\"wp-block-heading\">1. Registrar una marca en la EUIPO<\/h3>\n\n\n\n<p>Deber\u00e1s seguir una serie de pasos:<\/p>\n\n\n\n<ol class=\"wp-block-list\">\n<li>Indicar el <strong>tipo de marca<\/strong> que quieres registrar<\/li>\n\n\n\n<li>Se\u00f1alar los<strong>\u00a0productos y\/o servicios<\/strong> que ofrece la marca. Ten en cuenta que cada categor\u00eda de producto o servicio que incluyas tiene un costo<\/li>\n\n\n\n<li>Revisar que la marca <strong>est\u00e9 disponible<\/strong><\/li>\n\n\n\n<li>Cargar los <strong>datos <\/strong>(nombres, direcciones, n\u00famero de contacto, etc.)<\/li>\n\n\n\n<li>Confirmar el registro y efectuar el pago<\/li>\n\n\n\n<li>Esperar la <strong>evaluaci\u00f3n y el per\u00edodo de presentaci\u00f3n de objeciones<\/strong><\/li>\n\n\n\n<li>Revisar con frecuencia el <strong>estado del tr\u00e1mite<\/strong><\/li>\n<\/ol>\n\n\n\n<p>Es un proceso que requiere un&nbsp;<strong>alto nivel de detalle e investigaci\u00f3n<\/strong>&nbsp;que puede resultar dif\u00edcil si no tienes experiencia previa en el registro de marca.<\/p>\n\n\n\n<p>Incluso el video oficial de la EUIPO refleja las&nbsp;<strong>dificultades a las que pueden enfrentarse los emprendedores al momento de hacer su registro<\/strong>. <\/p>\n\n\n\n<figure class=\"wp-block-embed is-type-video is-provider-youtube wp-block-embed-youtube wp-embed-aspect-16-9 wp-has-aspect-ratio\"><div class=\"wp-block-embed__wrapper\">\n<iframe loading=\"lazy\" title=\"\u00a1Presentarla son solo cinco pasos!\" width=\"500\" height=\"281\" src=\"https:\/\/www.youtube.com\/embed\/KFnM4vH_rHI?feature=oembed&#038;enablejsapi=1&#038;origin=https:\/\/www.neolo.com\" frameborder=\"0\" allow=\"accelerometer; autoplay; clipboard-write; encrypted-media; gyroscope; picture-in-picture; web-share\" referrerpolicy=\"strict-origin-when-cross-origin\" allowfullscreen><\/iframe>\n<\/div><\/figure>\n\n\n\n<p>Cuando emprendedores con poca experiencia intentan registrar su marca muchas veces sucede que el tr\u00e1mite es denegado y la EUIPO es muy espec\u00edfica con que&nbsp;<strong>no se hacen reembolsos<\/strong>.<\/p>\n\n\n\n<h2 class=\"wp-block-heading\">Registro de marca con Neolo<\/h2>\n\n\n\n<p>Por otro lado, con <strong>Neolo Registro de Marca<\/strong>, bastan 3 pasos para tramitar el registro de tu marca:<\/p>\n\n\n\n<ol class=\"wp-block-list\">\n<li>Solicitas el servicio y nos indicas tu marca<\/li>\n\n\n\n<li>Hacemos una investigaci\u00f3n de factibilidad previa<\/li>\n\n\n\n<li>Iniciamos el tr\u00e1mite de registro y te avisamos cuando est\u00e9 listo.<\/li>\n<\/ol>\n\n\n\n<p>B\u00e1sicamente, nos lo pides y hacemos todo el tr\u00e1mite por ti :)<\/p>\n\n\n\n<div class=\"wp-block-buttons is-horizontal is-content-justification-center is-layout-flex wp-container-core-buttons-is-layout-1 wp-block-buttons-is-layout-flex\">\n<div class=\"wp-block-button\"><a class=\"wp-block-button__link has-black-color has-text-color has-background wp-element-button\" href=\"https:\/\/www.neolo.com\/esp\/registro-de-marca\/\" style=\"background-color:#b3dc1f\"><strong>REGISTRAR MI MARCA<\/strong><\/a><\/div>\n<\/div>\n\n\n\n<p><\/p>\n\n\n\n<h2 class=\"wp-block-heading\">Preguntas frecuentes (FAQs) <\/h2>\n\n\n\n<h3 class=\"wp-block-heading\" id=\"block-4e75ae53-b5a0-4021-ac58-fa73e1fab0c0\">Por qu\u00e9 registrar la marca con Neolo en vez de en la EUIPO<\/h3>\n\n\n\n<ul class=\"wp-block-list\">\n<li><strong>Delegas el tr\u00e1mite<\/strong>\u00a0al 100%, no tienes que hacerlo t\u00fa<\/li>\n\n\n\n<li>Tenemos un<strong>\u00a0equipo de abogados\u00a0<\/strong>a disposici\u00f3n que preparar\u00e1 y presentar\u00e1 toda la documentaci\u00f3n necesaria<\/li>\n\n\n\n<li>Hacemos la\u00a0<strong>investigaci\u00f3n previa de viabilidad de la marca<\/strong><\/li>\n\n\n\n<li>Nos encargamos del\u00a0<strong>seguimiento del tr\u00e1mite<\/strong>\u00a0por ti<\/li>\n\n\n\n<li>Realizamos la\u00a0<strong>custodia de tu marca\u00a0<\/strong>durante los 10 a\u00f1os del registro (nos encargamos de que no registren marcas similares a la tuya o que puedan perjudicarte)<\/li>\n\n\n\n<li>Ponemos a disposici\u00f3n a un\u00a0<strong>equipo de soporte especializado\u00a0<\/strong>que responder\u00e1 todas tus dudas 24\/7 y en menos de una hora<\/li>\n<\/ul>\n\n\n\n<h3 class=\"wp-block-heading\">Cu\u00e1l es el precio de b\u00fasqueda y registro de una marca en Europa<\/h3>\n\n\n\n<p>El precio de nuestro servicio de registro de marca en Europa es&nbsp;<strong>USD 1500<\/strong>&nbsp;finales.<\/p>\n\n\n\n<h3 class=\"wp-block-heading\">Qu\u00e9 sucede si al buscar la marca que quiero registrar, ya est\u00e1 registrada<\/h3>\n\n\n\n<p>Si la marca que quieres ya est\u00e1 registrada, \u00a1no hay problema! Basta con que&nbsp;<strong>nos indiques otro nombre<\/strong>&nbsp;y continuamos con el proceso.<\/p>\n\n\n\n<p>En caso de que desistas de tu idea de registrar tu marca en la Uni\u00f3n Europea,&nbsp;<strong>te reintegramos el total del importe que has pagado menos USD 100&nbsp;<\/strong>por la b\u00fasqueda.<\/p>\n\n\n\n<h3 class=\"wp-block-heading\">Cu\u00e1nto tiempo tarda en registrarse una marca en la Uni\u00f3n Europea<\/h3>\n\n\n\n<p>Registrar una marca en Europa demora aproximadamente<strong>&nbsp;seis meses <\/strong>si no se presentan obst\u00e1culos. <\/p>\n\n\n\n<p>Recuerda que las marcas registradas en la Uni\u00f3n Europea tienen un periodo de&nbsp;<strong>vigencia de 10 a\u00f1os<\/strong>&nbsp;desde la fecha de solicitud y pueden ser renovadas por periodos adicionales de 10 a\u00f1os.&nbsp;<\/p>\n\n\n\n<h2 class=\"wp-block-heading\" id=\"block-bf2715d9-dfd6-4c42-91f1-42aeae7fe81e\">Conclusi\u00f3n<\/h2>\n\n\n\n<p>\u00a1Ya sabes <strong>c\u00f3mo registrar una marca en Europa<\/strong>! <\/p>\n\n\n\n<p>Da el primer paso hoy y obt\u00e9n la propiedad legal sobre tu marca. No corras riesgos y deja el tr\u00e1mite en manos de especialistas. <\/p>\n\n\n\n<div class=\"wp-block-buttons is-horizontal is-content-justification-center is-layout-flex wp-container-core-buttons-is-layout-2 wp-block-buttons-is-layout-flex\">\n<div class=\"wp-block-button\"><a class=\"wp-block-button__link has-black-color has-text-color has-background wp-element-button\" href=\"https:\/\/www.neolo.com\/esp\/registro-de-marca\/\" style=\"background-color:#b3dc1f\"><strong>REGISTRAR MI MARCA<\/strong><\/a><\/div>\n<\/div>\n\n\n\n<p><\/p>\n\n\n\n<p><br>\u00daltima actualizaci\u00f3n: 27 de enero de 2025.<\/p>\n","protected":false},"excerpt":{"rendered":"<p>\u00bfQuieres tener el dominio legal de tu negocio en la Uni\u00f3n Europea? La \u00fanica forma de que una marca sea 100% tuya y puedas reclamar tu derecho sobre ella es a trav\u00e9s de un tr\u00e1mite de registro de marca. En este post te cuento c\u00f3mo registrar una marca en Europa y todo lo que debes [&hellip;]<\/p>\n","protected":false},"author":17,"featured_media":15432,"comment_status":"closed","ping_status":"open","sticky":false,"template":"","format":"standard","meta":{"footnotes":""},"categories":[347,290],"tags":[],"class_list":["post-15431","post","type-post","status-publish","format-standard","has-post-thumbnail","hentry","category-branding","category-empresas"],"yoast_head":"<!-- This site is optimized with the Yoast SEO plugin v25.6 - https:\/\/yoast.com\/wordpress\/plugins\/seo\/ -->\n<title>C\u00f3mo registrar una marca en Europa 2025 - Neolo Blog<\/title>\n<meta name=\"description\" content=\"S\u00f3lo eres 100% due\u00f1@ de una marca cuando la registras. Aprende c\u00f3mo registrar una marca en Europa y todo sobre este tr\u00e1mite\" \/>\n<meta name=\"robots\" content=\"index, follow, max-snippet:-1, max-image-preview:large, max-video-preview:-1\" \/>\n<link rel=\"canonical\" href=\"https:\/\/www.neolo.com\/blog\/registro-marca-europa.php\" \/>\n<meta property=\"og:type\" content=\"article\" \/>\n<meta property=\"og:title\" content=\"C\u00f3mo registrar una marca en Europa 2025 - Neolo Blog\" \/>\n<meta property=\"og:description\" content=\"S\u00f3lo eres 100% due\u00f1@ de una marca cuando la registras. Aprende c\u00f3mo registrar una marca en Europa y todo sobre este tr\u00e1mite\" \/>\n<meta property=\"og:url\" content=\"https:\/\/www.neolo.com\/blog\/registro-marca-europa.php\" \/>\n<meta property=\"og:site_name\" content=\"Neolo Blog\" \/>\n<meta property=\"article:publisher\" content=\"https:\/\/www.facebook.com\/neolohosting\" \/>\n<meta property=\"article:published_time\" content=\"2022-05-21T00:09:37+00:00\" \/>\n<meta property=\"article:modified_time\" content=\"2025-01-27T19:16:21+00:00\" \/>\n<meta property=\"og:image\" content=\"https:\/\/www.neolo.com\/blog\/wp-content\/uploads\/2022\/05\/registro-de-marca-en-europa-scaled.jpg\" \/>\n\t<meta property=\"og:image:width\" content=\"2560\" \/>\n\t<meta property=\"og:image:height\" content=\"1707\" \/>\n\t<meta property=\"og:image:type\" content=\"image\/jpeg\" \/>\n<meta name=\"author\" content=\"Valentina Carena\" \/>\n<meta name=\"twitter:card\" content=\"summary_large_image\" \/>\n<meta name=\"twitter:creator\" content=\"@neolo\" \/>\n<meta name=\"twitter:site\" content=\"@neolo\" \/>\n<meta name=\"twitter:label1\" content=\"Escrito por\" \/>\n\t<meta name=\"twitter:data1\" content=\"Valentina Carena\" \/>\n\t<meta name=\"twitter:label2\" content=\"Tiempo de lectura\" \/>\n\t<meta name=\"twitter:data2\" content=\"5 minutos\" \/>\n<script type=\"application\/ld+json\" class=\"yoast-schema-graph\">{\"@context\":\"https:\/\/schema.org\",\"@graph\":[{\"@type\":\"Article\",\"@id\":\"https:\/\/www.neolo.com\/blog\/registro-marca-europa.php#article\",\"isPartOf\":{\"@id\":\"https:\/\/www.neolo.com\/blog\/registro-marca-europa.php\"},\"author\":{\"name\":\"Valentina Carena\",\"@id\":\"https:\/\/www.neolo.com\/blog\/#\/schema\/person\/7e57a03d1ca72b338f85aec0900a684b\"},\"headline\":\"C\u00f3mo registrar una marca en Europa 2025\",\"datePublished\":\"2022-05-21T00:09:37+00:00\",\"dateModified\":\"2025-01-27T19:16:21+00:00\",\"mainEntityOfPage\":{\"@id\":\"https:\/\/www.neolo.com\/blog\/registro-marca-europa.php\"},\"wordCount\":1161,\"publisher\":{\"@id\":\"https:\/\/www.neolo.com\/blog\/#organization\"},\"image\":{\"@id\":\"https:\/\/www.neolo.com\/blog\/registro-marca-europa.php#primaryimage\"},\"thumbnailUrl\":\"https:\/\/www.neolo.com\/blog\/wp-content\/uploads\/2022\/05\/registro-de-marca-en-europa-scaled.jpg\",\"articleSection\":[\"Branding\",\"Empresas\"],\"inLanguage\":\"es\"},{\"@type\":\"WebPage\",\"@id\":\"https:\/\/www.neolo.com\/blog\/registro-marca-europa.php\",\"url\":\"https:\/\/www.neolo.com\/blog\/registro-marca-europa.php\",\"name\":\"C\u00f3mo registrar una marca en Europa 2025 - Neolo Blog\",\"isPartOf\":{\"@id\":\"https:\/\/www.neolo.com\/blog\/#website\"},\"primaryImageOfPage\":{\"@id\":\"https:\/\/www.neolo.com\/blog\/registro-marca-europa.php#primaryimage\"},\"image\":{\"@id\":\"https:\/\/www.neolo.com\/blog\/registro-marca-europa.php#primaryimage\"},\"thumbnailUrl\":\"https:\/\/www.neolo.com\/blog\/wp-content\/uploads\/2022\/05\/registro-de-marca-en-europa-scaled.jpg\",\"datePublished\":\"2022-05-21T00:09:37+00:00\",\"dateModified\":\"2025-01-27T19:16:21+00:00\",\"description\":\"S\u00f3lo eres 100% due\u00f1@ de una marca cuando la registras. Aprende c\u00f3mo registrar una marca en Europa y todo sobre este tr\u00e1mite\",\"breadcrumb\":{\"@id\":\"https:\/\/www.neolo.com\/blog\/registro-marca-europa.php#breadcrumb\"},\"inLanguage\":\"es\",\"potentialAction\":[{\"@type\":\"ReadAction\",\"target\":[\"https:\/\/www.neolo.com\/blog\/registro-marca-europa.php\"]}]},{\"@type\":\"ImageObject\",\"inLanguage\":\"es\",\"@id\":\"https:\/\/www.neolo.com\/blog\/registro-marca-europa.php#primaryimage\",\"url\":\"https:\/\/www.neolo.com\/blog\/wp-content\/uploads\/2022\/05\/registro-de-marca-en-europa-scaled.jpg\",\"contentUrl\":\"https:\/\/www.neolo.com\/blog\/wp-content\/uploads\/2022\/05\/registro-de-marca-en-europa-scaled.jpg\",\"width\":2560,\"height\":1707},{\"@type\":\"BreadcrumbList\",\"@id\":\"https:\/\/www.neolo.com\/blog\/registro-marca-europa.php#breadcrumb\",\"itemListElement\":[{\"@type\":\"ListItem\",\"position\":1,\"name\":\"Inicio\",\"item\":\"https:\/\/www.neolo.com\/blog\"},{\"@type\":\"ListItem\",\"position\":2,\"name\":\"Branding\",\"item\":\"https:\/\/www.neolo.com\/blog\/temas\/branding\"},{\"@type\":\"ListItem\",\"position\":3,\"name\":\"C\u00f3mo registrar una marca en Europa 2025\"}]},{\"@type\":\"WebSite\",\"@id\":\"https:\/\/www.neolo.com\/blog\/#website\",\"url\":\"https:\/\/www.neolo.com\/blog\/\",\"name\":\"Neolo Blog\",\"description\":\"Blog de Neolo: Dominios, Web Hosting y Marketing Digital\",\"publisher\":{\"@id\":\"https:\/\/www.neolo.com\/blog\/#organization\"},\"potentialAction\":[{\"@type\":\"SearchAction\",\"target\":{\"@type\":\"EntryPoint\",\"urlTemplate\":\"https:\/\/www.neolo.com\/blog\/?s={search_term_string}\"},\"query-input\":{\"@type\":\"PropertyValueSpecification\",\"valueRequired\":true,\"valueName\":\"search_term_string\"}}],\"inLanguage\":\"es\"},{\"@type\":\"Organization\",\"@id\":\"https:\/\/www.neolo.com\/blog\/#organization\",\"name\":\"Neolo\",\"url\":\"https:\/\/www.neolo.com\/blog\/\",\"logo\":{\"@type\":\"ImageObject\",\"inLanguage\":\"es\",\"@id\":\"https:\/\/www.neolo.com\/blog\/#\/schema\/logo\/image\/\",\"url\":\"https:\/\/www.neolo.com\/blog\/wp-content\/uploads\/2017\/07\/neolo-verde-chico.png\",\"contentUrl\":\"https:\/\/www.neolo.com\/blog\/wp-content\/uploads\/2017\/07\/neolo-verde-chico.png\",\"width\":392,\"height\":83,\"caption\":\"Neolo\"},\"image\":{\"@id\":\"https:\/\/www.neolo.com\/blog\/#\/schema\/logo\/image\/\"},\"sameAs\":[\"https:\/\/www.facebook.com\/neolohosting\",\"https:\/\/x.com\/neolo\",\"https:\/\/www.instagram.com\/neolodotcom\/\",\"https:\/\/www.linkedin.com\/company\/neolo.com\/\"]},{\"@type\":\"Person\",\"@id\":\"https:\/\/www.neolo.com\/blog\/#\/schema\/person\/7e57a03d1ca72b338f85aec0900a684b\",\"name\":\"Valentina Carena\",\"image\":{\"@type\":\"ImageObject\",\"inLanguage\":\"es\",\"@id\":\"https:\/\/www.neolo.com\/blog\/#\/schema\/person\/image\/\",\"url\":\"https:\/\/secure.gravatar.com\/avatar\/2d4a8e538c5c8399da0063932ef92835?s=96&r=g\",\"contentUrl\":\"https:\/\/secure.gravatar.com\/avatar\/2d4a8e538c5c8399da0063932ef92835?s=96&r=g\",\"caption\":\"Valentina Carena\"},\"description\":\"Comunicaci\u00f3n Institucional y Marketing Digital\",\"sameAs\":[\"https:\/\/www.linkedin.com\/in\/valentina-carena-5281a4202\/\"],\"url\":\"https:\/\/www.neolo.com\/blog\/author\/valentina-carena\"}]}<\/script>\n<!-- \/ Yoast SEO plugin. -->","yoast_head_json":{"title":"C\u00f3mo registrar una marca en Europa 2025 - Neolo Blog","description":"S\u00f3lo eres 100% due\u00f1@ de una marca cuando la registras. Aprende c\u00f3mo registrar una marca en Europa y todo sobre este tr\u00e1mite","robots":{"index":"index","follow":"follow","max-snippet":"max-snippet:-1","max-image-preview":"max-image-preview:large","max-video-preview":"max-video-preview:-1"},"canonical":"https:\/\/www.neolo.com\/blog\/registro-marca-europa.php","og_type":"article","og_title":"C\u00f3mo registrar una marca en Europa 2025 - Neolo Blog","og_description":"S\u00f3lo eres 100% due\u00f1@ de una marca cuando la registras. Aprende c\u00f3mo registrar una marca en Europa y todo sobre este tr\u00e1mite","og_url":"https:\/\/www.neolo.com\/blog\/registro-marca-europa.php","og_site_name":"Neolo Blog","article_publisher":"https:\/\/www.facebook.com\/neolohosting","article_published_time":"2022-05-21T00:09:37+00:00","article_modified_time":"2025-01-27T19:16:21+00:00","og_image":[{"width":2560,"height":1707,"url":"https:\/\/www.neolo.com\/blog\/wp-content\/uploads\/2022\/05\/registro-de-marca-en-europa-scaled.jpg","type":"image\/jpeg"}],"author":"Valentina Carena","twitter_card":"summary_large_image","twitter_creator":"@neolo","twitter_site":"@neolo","twitter_misc":{"Escrito por":"Valentina Carena","Tiempo de lectura":"5 minutos"},"schema":{"@context":"https:\/\/schema.org","@graph":[{"@type":"Article","@id":"https:\/\/www.neolo.com\/blog\/registro-marca-europa.php#article","isPartOf":{"@id":"https:\/\/www.neolo.com\/blog\/registro-marca-europa.php"},"author":{"name":"Valentina Carena","@id":"https:\/\/www.neolo.com\/blog\/#\/schema\/person\/7e57a03d1ca72b338f85aec0900a684b"},"headline":"C\u00f3mo registrar una marca en Europa 2025","datePublished":"2022-05-21T00:09:37+00:00","dateModified":"2025-01-27T19:16:21+00:00","mainEntityOfPage":{"@id":"https:\/\/www.neolo.com\/blog\/registro-marca-europa.php"},"wordCount":1161,"publisher":{"@id":"https:\/\/www.neolo.com\/blog\/#organization"},"image":{"@id":"https:\/\/www.neolo.com\/blog\/registro-marca-europa.php#primaryimage"},"thumbnailUrl":"https:\/\/www.neolo.com\/blog\/wp-content\/uploads\/2022\/05\/registro-de-marca-en-europa-scaled.jpg","articleSection":["Branding","Empresas"],"inLanguage":"es"},{"@type":"WebPage","@id":"https:\/\/www.neolo.com\/blog\/registro-marca-europa.php","url":"https:\/\/www.neolo.com\/blog\/registro-marca-europa.php","name":"C\u00f3mo registrar una marca en Europa 2025 - Neolo Blog","isPartOf":{"@id":"https:\/\/www.neolo.com\/blog\/#website"},"primaryImageOfPage":{"@id":"https:\/\/www.neolo.com\/blog\/registro-marca-europa.php#primaryimage"},"image":{"@id":"https:\/\/www.neolo.com\/blog\/registro-marca-europa.php#primaryimage"},"thumbnailUrl":"https:\/\/www.neolo.com\/blog\/wp-content\/uploads\/2022\/05\/registro-de-marca-en-europa-scaled.jpg","datePublished":"2022-05-21T00:09:37+00:00","dateModified":"2025-01-27T19:16:21+00:00","description":"S\u00f3lo eres 100% due\u00f1@ de una marca cuando la registras. Aprende c\u00f3mo registrar una marca en Europa y todo sobre este tr\u00e1mite","breadcrumb":{"@id":"https:\/\/www.neolo.com\/blog\/registro-marca-europa.php#breadcrumb"},"inLanguage":"es","potentialAction":[{"@type":"ReadAction","target":["https:\/\/www.neolo.com\/blog\/registro-marca-europa.php"]}]},{"@type":"ImageObject","inLanguage":"es","@id":"https:\/\/www.neolo.com\/blog\/registro-marca-europa.php#primaryimage","url":"https:\/\/www.neolo.com\/blog\/wp-content\/uploads\/2022\/05\/registro-de-marca-en-europa-scaled.jpg","contentUrl":"https:\/\/www.neolo.com\/blog\/wp-content\/uploads\/2022\/05\/registro-de-marca-en-europa-scaled.jpg","width":2560,"height":1707},{"@type":"BreadcrumbList","@id":"https:\/\/www.neolo.com\/blog\/registro-marca-europa.php#breadcrumb","itemListElement":[{"@type":"ListItem","position":1,"name":"Inicio","item":"https:\/\/www.neolo.com\/blog"},{"@type":"ListItem","position":2,"name":"Branding","item":"https:\/\/www.neolo.com\/blog\/temas\/branding"},{"@type":"ListItem","position":3,"name":"C\u00f3mo registrar una marca en Europa 2025"}]},{"@type":"WebSite","@id":"https:\/\/www.neolo.com\/blog\/#website","url":"https:\/\/www.neolo.com\/blog\/","name":"Neolo Blog","description":"Blog de Neolo: Dominios, Web Hosting y Marketing Digital","publisher":{"@id":"https:\/\/www.neolo.com\/blog\/#organization"},"potentialAction":[{"@type":"SearchAction","target":{"@type":"EntryPoint","urlTemplate":"https:\/\/www.neolo.com\/blog\/?s={search_term_string}"},"query-input":{"@type":"PropertyValueSpecification","valueRequired":true,"valueName":"search_term_string"}}],"inLanguage":"es"},{"@type":"Organization","@id":"https:\/\/www.neolo.com\/blog\/#organization","name":"Neolo","url":"https:\/\/www.neolo.com\/blog\/","logo":{"@type":"ImageObject","inLanguage":"es","@id":"https:\/\/www.neolo.com\/blog\/#\/schema\/logo\/image\/","url":"https:\/\/www.neolo.com\/blog\/wp-content\/uploads\/2017\/07\/neolo-verde-chico.png","contentUrl":"https:\/\/www.neolo.com\/blog\/wp-content\/uploads\/2017\/07\/neolo-verde-chico.png","width":392,"height":83,"caption":"Neolo"},"image":{"@id":"https:\/\/www.neolo.com\/blog\/#\/schema\/logo\/image\/"},"sameAs":["https:\/\/www.facebook.com\/neolohosting","https:\/\/x.com\/neolo","https:\/\/www.instagram.com\/neolodotcom\/","https:\/\/www.linkedin.com\/company\/neolo.com\/"]},{"@type":"Person","@id":"https:\/\/www.neolo.com\/blog\/#\/schema\/person\/7e57a03d1ca72b338f85aec0900a684b","name":"Valentina Carena","image":{"@type":"ImageObject","inLanguage":"es","@id":"https:\/\/www.neolo.com\/blog\/#\/schema\/person\/image\/","url":"https:\/\/secure.gravatar.com\/avatar\/2d4a8e538c5c8399da0063932ef92835?s=96&r=g","contentUrl":"https:\/\/secure.gravatar.com\/avatar\/2d4a8e538c5c8399da0063932ef92835?s=96&r=g","caption":"Valentina Carena"},"description":"Comunicaci\u00f3n Institucional y Marketing Digital","sameAs":["https:\/\/www.linkedin.com\/in\/valentina-carena-5281a4202\/"],"url":"https:\/\/www.neolo.com\/blog\/author\/valentina-carena"}]}},"_links":{"self":[{"href":"https:\/\/www.neolo.com\/blog\/wp-json\/wp\/v2\/posts\/15431","targetHints":{"allow":["GET"]}}],"collection":[{"href":"https:\/\/www.neolo.com\/blog\/wp-json\/wp\/v2\/posts"}],"about":[{"href":"https:\/\/www.neolo.com\/blog\/wp-json\/wp\/v2\/types\/post"}],"author":[{"embeddable":true,"href":"https:\/\/www.neolo.com\/blog\/wp-json\/wp\/v2\/users\/17"}],"replies":[{"embeddable":true,"href":"https:\/\/www.neolo.com\/blog\/wp-json\/wp\/v2\/comments?post=15431"}],"version-history":[{"count":11,"href":"https:\/\/www.neolo.com\/blog\/wp-json\/wp\/v2\/posts\/15431\/revisions"}],"predecessor-version":[{"id":27182,"href":"https:\/\/www.neolo.com\/blog\/wp-json\/wp\/v2\/posts\/15431\/revisions\/27182"}],"wp:featuredmedia":[{"embeddable":true,"href":"https:\/\/www.neolo.com\/blog\/wp-json\/wp\/v2\/media\/15432"}],"wp:attachment":[{"href":"https:\/\/www.neolo.com\/blog\/wp-json\/wp\/v2\/media?parent=15431"}],"wp:term":[{"taxonomy":"category","embeddable":true,"href":"https:\/\/www.neolo.com\/blog\/wp-json\/wp\/v2\/categories?post=15431"},{"taxonomy":"post_tag","embeddable":true,"href":"https:\/\/www.neolo.com\/blog\/wp-json\/wp\/v2\/tags?post=15431"}],"curies":[{"name":"wp","href":"https:\/\/api.w.org\/{rel}","templated":true}]}}